{"id":6984,"date":"2024-04-01T18:21:39","date_gmt":"2024-04-01T16:21:39","guid":{"rendered":"https:\/\/www.casavivagarda.com\/ritiro-creativo-aprile\/"},"modified":"2024-04-02T12:31:41","modified_gmt":"2024-04-02T10:31:41","slug":"kreativ-retreat-april","status":"publish","type":"post","link":"https:\/\/www.casavivagarda.com\/de\/kreativ-retreat-april\/","title":{"rendered":"Kreativ-Retreat April"},"content":{"rendered":"\n<h2 class=\"wp-block-heading\">Von Freitag, dem 12. April, bis Sonntag, dem 14. April<\/h2>\n\n\n\n<p>Hast Du Dich jemals wirklich gefragt, was &#8222;Wohlbefinden&#8220; bedeutet?<\/p>\n\n\n\n<p>Bei Casa Viva glauben wir fest daran, dass Wohlbefinden daraus entsteht, Zeit dem zu widmen, was wir lieben, was unsere Seele und unseren Geist n\u00e4hrt.<\/p>\n\n\n\n<blockquote class=\"wp-block-quote is-layout-flow wp-block-quote-is-layout-flow\">\n<p>Mit dieser Philosophie m\u00f6chten wir Dich zu unserem exklusiven Kreativ-Retreat einladen, das ausschlie\u00dflich f\u00fcr 8 Teilnehmer von Freitag, dem 12. April, bis Sonntag, dem 14. April, reserviert ist.<\/p>\n<\/blockquote>\n\n\n\n<p>Stelle Dir vor, Tage zu verbringen, an denen sich die Zeit zu dehnen scheint, Dir die M\u00f6glichkeit gebend, Dich in <strong>Yin Yoga<\/strong> zu vertiefen, die Tiefen der <strong>Familienaufstellungen<\/strong> zu erkunden und in <strong>Meditationen mit Pferden<\/strong> Frieden und Klarheit zu finden.<\/p>\n\n\n\n<p>Wir m\u00f6chten, dass Casa Viva zu Deinem heiligen Raum wird, wo Deine Kreativit\u00e4t frei bl\u00fchen kann, unterst\u00fctzt von gutem Essen, ausgezeichneten Weinen und vor allem kostbaren Momenten, die ganz Dir allein gewidmet sind.<\/p>\n\n\n\n<h3 class=\"wp-block-heading\"><strong>Was Dich Erwartet<\/strong><\/h3>\n\n\n\n<figure class=\"wp-block-image size-large\"><img loading=\"lazy\" decoding=\"async\" width=\"1024\" height=\"683\" src=\"https:\/\/www.casavivagarda.com\/wp-content\/uploads\/2024\/04\/yoga-ritiro-creativo-casa-viva-garda-1024x683.jpg\" alt=\"\" class=\"wp-image-6956\" srcset=\"https:\/\/www.casavivagarda.com\/wp-content\/uploads\/2024\/04\/yoga-ritiro-creativo-casa-viva-garda-1024x683.jpg 1024w, https:\/\/www.casavivagarda.com\/wp-content\/uploads\/2024\/04\/yoga-ritiro-creativo-casa-viva-garda-300x200.jpg 300w, https:\/\/www.casavivagarda.com\/wp-content\/uploads\/2024\/04\/yoga-ritiro-creativo-casa-viva-garda-768x512.jpg 768w, https:\/\/www.casavivagarda.com\/wp-content\/uploads\/2024\/04\/yoga-ritiro-creativo-casa-viva-garda-700x466.jpg 700w, https:\/\/www.casavivagarda.com\/wp-content\/uploads\/2024\/04\/yoga-ritiro-creativo-casa-viva-garda.jpg 1600w\" sizes=\"auto, (max-width: 1024px) 100vw, 1024px\" \/><\/figure>\n\n\n\n<h2 class=\"wp-block-heading\"><strong>Yoga und Kreativit\u00e4t<\/strong><\/h2>\n\n\n\n<p>Nimm teil an einzigartigen Kreativit\u00e4ts- und Yoga-Sessions, die darauf ausgelegt sind, Deine innere Energie zu wecken und Dich zu inspirieren.<\/p>\n\n\n\n<div style=\"height:50px\" aria-hidden=\"true\" class=\"wp-block-spacer\"><\/div>\n\n\n\n<figure class=\"wp-block-image size-large\"><img loading=\"lazy\" decoding=\"async\" width=\"1024\" height=\"683\" src=\"https:\/\/www.casavivagarda.com\/wp-content\/uploads\/2020\/12\/bedroom-maneggio-eco-holiday-garda-1024x683.jpg\" alt=\"Stanza Maneggio \u2022 Eco Vacanze al Lago di Garda\" class=\"wp-image-6669\" srcset=\"https:\/\/www.casavivagarda.com\/wp-content\/uploads\/2020\/12\/bedroom-maneggio-eco-holiday-garda-1024x683.jpg 1024w, https:\/\/www.casavivagarda.com\/wp-content\/uploads\/2020\/12\/bedroom-maneggio-eco-holiday-garda-300x200.jpg 300w, https:\/\/www.casavivagarda.com\/wp-content\/uploads\/2020\/12\/bedroom-maneggio-eco-holiday-garda-768x512.jpg 768w, https:\/\/www.casavivagarda.com\/wp-content\/uploads\/2020\/12\/bedroom-maneggio-eco-holiday-garda-700x466.jpg 700w, https:\/\/www.casavivagarda.com\/wp-content\/uploads\/2020\/12\/bedroom-maneggio-eco-holiday-garda.jpg 1600w\" sizes=\"auto, (max-width: 1024px) 100vw, 1024px\" \/><\/figure>\n\n\n\n<h2 class=\"wp-block-heading\"><strong>Komfort und Geselligkeit<\/strong><\/h2>\n\n\n\n<p>G\u00f6nne Dir 3 N\u00e4chte in gem\u00fctlichen Privatzimmern, mit 3 k\u00f6stlichen Abendessen und 3 reichhaltigen Fr\u00fchst\u00fccken, um jeden Tag richtig zu beginnen.<\/p>\n\n\n\n<div style=\"height:50px\" aria-hidden=\"true\" class=\"wp-block-spacer\"><\/div>\n\n\n\n<figure class=\"wp-block-image size-large\"><img loading=\"lazy\" decoding=\"async\" width=\"819\" height=\"1024\" src=\"https:\/\/www.casavivagarda.com\/wp-content\/uploads\/2024\/04\/meditazione-cavalli-casa-viva-garda-asya-819x1024.jpeg\" alt=\"\" class=\"wp-image-6959\" srcset=\"https:\/\/www.casavivagarda.com\/wp-content\/uploads\/2024\/04\/meditazione-cavalli-casa-viva-garda-asya-819x1024.jpeg 819w, https:\/\/www.casavivagarda.com\/wp-content\/uploads\/2024\/04\/meditazione-cavalli-casa-viva-garda-asya-240x300.jpeg 240w, https:\/\/www.casavivagarda.com\/wp-content\/uploads\/2024\/04\/meditazione-cavalli-casa-viva-garda-asya-768x960.jpeg 768w, https:\/\/www.casavivagarda.com\/wp-content\/uploads\/2024\/04\/meditazione-cavalli-casa-viva-garda-asya-scaled.jpeg 2048w\" sizes=\"auto, (max-width: 819px) 100vw, 819px\" \/><\/figure>\n\n\n\n<h2 class=\"wp-block-heading\"><strong>Meditationen mit Pferden und Aufstellungen<\/strong><\/h2>\n\n\n\n<p>Begib Dich in private Sessions, in denen die Weisheit der Pferde mit der Tiefe der Aufstellungen verschmilzt, f\u00fcr eine erleuchtende innere Reise.<\/p>\n\n\n\n<div style=\"height:50px\" aria-hidden=\"true\" class=\"wp-block-spacer\"><\/div>\n\n\n\n<figure class=\"wp-block-image size-large\"><img loading=\"lazy\" decoding=\"async\" width=\"1024\" height=\"682\" src=\"https:\/\/www.casavivagarda.com\/wp-content\/uploads\/2022\/09\/bio-pool-piscina-casa-viva-garda-1024x682.jpeg\" alt=\"Biopiscina a Garda, Casa Viva vacanze Eco\" class=\"wp-image-3923\" srcset=\"https:\/\/www.casavivagarda.com\/wp-content\/uploads\/2022\/09\/bio-pool-piscina-casa-viva-garda-1024x682.jpeg 1024w, https:\/\/www.casavivagarda.com\/wp-content\/uploads\/2022\/09\/bio-pool-piscina-casa-viva-garda-300x200.jpeg 300w, https:\/\/www.casavivagarda.com\/wp-content\/uploads\/2022\/09\/bio-pool-piscina-casa-viva-garda-768x512.jpeg 768w, https:\/\/www.casavivagarda.com\/wp-content\/uploads\/2022\/09\/bio-pool-piscina-casa-viva-garda-700x466.jpeg 700w, https:\/\/www.casavivagarda.com\/wp-content\/uploads\/2022\/09\/bio-pool-piscina-casa-viva-garda-600x400.jpeg 600w, https:\/\/www.casavivagarda.com\/wp-content\/uploads\/2022\/09\/bio-pool-piscina-casa-viva-garda.jpeg 1600w\" sizes=\"auto, (max-width: 1024px) 100vw, 1024px\" \/><\/figure>\n\n\n\n<h2 class=\"wp-block-heading\"><strong>Entspannung und Austausch<\/strong><\/h2>\n\n\n\n<p>Entspanne in unserem Biopool, entdecke neue Geschmacksrichtungen bei unseren Weinverkostungen und schlie\u00dfe Dich uns f\u00fcr einen besonderen Abend des Pastamachens und des gemeinsamen Essens an.<\/p>\n\n\n\n<h2 class=\"wp-block-heading\">Zu Merkende Daten<\/h2>\n\n\n\n<ul class=\"wp-block-list\">\n<li>Von Freitag, dem 12. April, bis Sonntag, dem 14. April<\/li>\n\n\n\n<li>Die Ankunft ist bis 19:00 Uhr am Donnerstag, dem 11. April, vorgesehen<\/li>\n\n\n\n<li>Der Abschluss findet um 12:00 Uhr am Sonntag, dem 14. April, statt.<\/li>\n<\/ul>\n\n\n\n<blockquote class=\"wp-block-quote is-layout-flow wp-block-quote-is-layout-flow\">\n<p>Die Pl\u00e4tze sind auf 8 Teilnehmer begrenzt, um die Exklusivit\u00e4t und Qualit\u00e4t der Erfahrung zu gew\u00e4hrleisten.<\/p>\n<\/blockquote>\n\n\n\n<p>Um Deinen Platz in diesem Refugium des Friedens und der Kreativit\u00e4t zu sichern, laden wir Dich ein, uns so bald wie m\u00f6glich zu kontaktieren. Die Pl\u00e4tze sind begrenzt, und wir m\u00f6chten Dir die M\u00f6glichkeit bieten, diese transformative Erfahrung zu machen.<\/p>\n\n\n\n<blockquote class=\"wp-block-quote is-layout-flow wp-block-quote-is-layout-flow\">\n<p>Verpasse nicht die Gelegenheit, Dir diese kostbare Zeit zu schenken, an einem Ort, der Ruhe, Sch\u00f6nheit und Harmonie des Lebens feiert.<\/p>\n<\/blockquote>\n\n\n\n<p>PS: Wir organisieren auch ein Herbst-Kreativ-Retreat von Donnerstag, dem 17. Oktober, bis Sonntag, dem 20. Oktober 2024.<\/p>\n\n\n\n<p>F\u00fcr weitere Details z\u00f6gern Sie bitte nicht, uns zu kontaktieren:<\/p>\n\n\n\n<div id=\"quanto-costa\" class=\"c-costo\"><h2>Prenota ora il tuo posto<\/h2>\t\t<div class=\"c-card\">\t\t\t<h3>RigeneraWeekend <div class=\"c-card--sottotitolo\">con Miss Positive<\/div><\/h3>\t\t\t<div class=\"c-card-data\"> a Casa Viva<\/div>\t\t\t<div class=\"c-card-prezzo\">\u20ac<\/div>\t\t\t<a class=\"wp-block-button__link wp-element-button\" href=\"#form-prenotazione\">Iscriviti<\/a>\t\t<\/div><div id=\"form-prenotazione\" class=\"c-prenota-lezione\" data-aos=\"fade-up\"><h2>Iscriviti<\/h2>\n<div class=\"wpcf7 no-js\" id=\"wpcf7-f6990-o1\" lang=\"it-IT\" dir=\"ltr\" data-wpcf7-id=\"6990\">\n<div class=\"screen-reader-response\"><p role=\"status\" aria-live=\"polite\" aria-atomic=\"true\"><\/p> <ul><\/ul><\/div>\n<form action=\"\/de\/wp-json\/wp\/v2\/posts\/6984#wpcf7-f6990-o1\" method=\"post\" class=\"wpcf7-form init wpcf7-acceptance-as-validation\" aria-label=\"Modulo di contatto\" novalidate=\"novalidate\" data-status=\"init\">\n<fieldset class=\"hidden-fields-container\"><input type=\"hidden\" name=\"_wpcf7\" value=\"6990\" \/><input type=\"hidden\" name=\"_wpcf7_version\" value=\"6.1.6\" \/><input type=\"hidden\" name=\"_wpcf7_locale\" value=\"it_IT\" \/><input type=\"hidden\" name=\"_wpcf7_unit_tag\" value=\"wpcf7-f6990-o1\" \/><input type=\"hidden\" name=\"_wpcf7_container_post\" value=\"0\" \/><input type=\"hidden\" name=\"_wpcf7_posted_data_hash\" value=\"\" \/><input type=\"hidden\" name=\"_wpcf7dtx_version\" value=\"5.0.7\" \/>\n<\/fieldset>\n<div class=\"wpcf7-response-output\" aria-hidden=\"true\"><\/div>\n<div class=\"row\">\n\t<div class=\"col-sm-6\">\n\t\t<p class=\"nome\"><span class=\"placeholder-alt\">Name (*)<\/span><br \/>\n<span class=\"wpcf7-form-control-wrap\" data-name=\"nome\"><input size=\"40\" maxlength=\"400\" class=\"wpcf7-form-control wpcf7-text wpcf7-validates-as-required\" aria-required=\"true\" aria-invalid=\"false\" value=\"\" type=\"text\" name=\"nome\" \/><\/span>\n\t\t<\/p>\n\t<\/div>\n\t<div class=\"col-sm-6\">\n\t\t<p class=\"cognome\"><span class=\"placeholder-alt\">Nachname (*)<\/span><br \/>\n<span class=\"wpcf7-form-control-wrap\" data-name=\"cognome\"><input size=\"40\" maxlength=\"400\" class=\"wpcf7-form-control wpcf7-text wpcf7-validates-as-required\" aria-required=\"true\" aria-invalid=\"false\" value=\"\" type=\"text\" name=\"cognome\" \/><\/span>\n\t\t<\/p>\n\t<\/div>\n<\/div>\n<div class=\"row\">\n\t<div class=\"col-sm-6\">\n\t\t<p class=\"email\"><span class=\"placeholder-alt\">Email (*)<\/span><br \/>\n<span class=\"wpcf7-form-control-wrap\" data-name=\"email\"><input size=\"40\" maxlength=\"400\" class=\"wpcf7-form-control wpcf7-email wpcf7-validates-as-required wpcf7-text wpcf7-validates-as-email\" aria-required=\"true\" aria-invalid=\"false\" value=\"\" type=\"email\" name=\"email\" \/><\/span>\n\t\t<\/p>\n\t<\/div>\n\t<div class=\"col-sm-1\">\n\t\t<p class=\"country\"><span class=\"placeholder-alt\"><\/span><br \/>\n<span class=\"wpcf7-form-control-wrap\" data-name=\"country\"><input size=\"40\" class=\"wpcf7-form-control wpcf7-countrytext wpcf7-text wpcf7-validates-as-countrytext\" aria-invalid=\"false\" value=\"\" type=\"text\" name=\"country\" \/><\/span>\n\t\t<\/p>\n\t<\/div>\n\t<div class=\"col-sm-5\">\n\t\t<p class=\"tel\"><span class=\"placeholder-alt\"> Telefonnummer <\/span><br \/>\n<span class=\"wpcf7-form-control-wrap\" data-name=\"tel\"><input size=\"40\" maxlength=\"400\" class=\"wpcf7-form-control wpcf7-tel wpcf7-text wpcf7-validates-as-tel\" aria-invalid=\"false\" value=\"\" type=\"tel\" name=\"tel\" \/><\/span>\n\t\t<\/p>\n\t<\/div>\n<\/div>\n<div class=\"row\">\n\t<div class=\"col-sm-6\">\n\t\t<p class=\"persone\"><span class=\"placeholder-alt\"> Personen (*)<\/span><br \/>\n<span class=\"wpcf7-form-control-wrap\" data-name=\"persone\"><input class=\"wpcf7-form-control wpcf7-number wpcf7-validates-as-required wpcf7-validates-as-number\" min=\"0\" aria-required=\"true\" aria-invalid=\"false\" value=\"\" type=\"number\" name=\"persone\" \/><\/span>\n\t\t<\/p>\n\t<\/div>\n\t<div class=\"col-sm-6\">\n\t\t<p class=\"arrivo\"><span class=\"placeholder-alt\">Wann<\/span><br \/>\n<span class=\"wpcf7-form-control-wrap\" data-name=\"data-evento\"><input size=\"40\" maxlength=\"400\" class=\"wpcf7-form-control wpcf7-text wpcf7-date\" id=\"data-lezione\" autocomplete=\"off\" aria-invalid=\"false\" value=\"\" type=\"text\" name=\"data-evento\" \/><\/span>\n\t\t<\/p>\n\t<\/div>\n<\/div>\n<div class=\"row\">\n\t<div class=\"col-sm-12\">\n\t\t<p class=\"messaggio\"><span class=\"placeholder-alt\">Meldungen und hinweise<\/span>\n\t\t<\/p>\n\t\t<p><span class=\"wpcf7-form-control-wrap\" data-name=\"messaggio\"><textarea cols=\"40\" rows=\"3\" maxlength=\"2000\" class=\"wpcf7-form-control wpcf7-textarea\" aria-invalid=\"false\" name=\"messaggio\"><\/textarea><\/span>\n\t\t<\/p>\n\t\t<p>Privacy:\n\t\t<\/p>\n\t\t<div class=\"checkbox\">\n\t\t\t<p><span class=\"wpcf7-form-control-wrap\" data-name=\"privacy\"><span class=\"wpcf7-form-control wpcf7-acceptance\"><span class=\"wpcf7-list-item\"><input type=\"checkbox\" name=\"privacy\" value=\"1\" aria-invalid=\"false\" \/><\/span><\/span><\/span><label class=\"privacy-text\">Ich akzeptiere Ihre <a href=\"https:\/\/www.iubenda.com\/privacy-policy\/28012972\" class=\"iubenda-nostyle iubenda-noiframe iubenda-embed iubenda-noiframe \" title=\"Privacy Policy \">Privacy Policy<\/a><script type=\"text\/javascript\">(function (w,d) {var loader = function () {var s = d.createElement(\"script\"), tag = d.getElementsByTagName(\"script\")[0]; s.src=\"https:\/\/cdn.iubenda.com\/iubenda.js\"; tag.parentNode.insertBefore(s,tag);}; if(w.addEventListener){w.addEventListener(\"load\", loader, false);}else if(w.attachEvent){w.attachEvent(\"onload\", loader);}else{w.onload = loader;}})(window, document);<\/script><\/label>\n\t\t\t<\/p>\n\t\t<\/div>\n\t<\/div>\n<\/div>\n<div class=\"wpcf7-response-output\" aria-hidden=\"true\"><\/div>\n<div class=\"row submit-button-row\">\n\t<div class=\"col-sm-12\">\n\t\t<p><input class=\"wpcf7-form-control wpcf7-submit has-spinner\" type=\"submit\" value=\"Senden\" \/>\n\t\t<\/p>\n\t<\/div>\n<\/div>\n<\/form>\n<\/div>\n<\/div><\/div><script type=\"text\/javascript\">jQuery('.wpcf7-date').datepicker({language: 'de', dateFormat: 'dd\/mm\/yyyy'});<\/script>\n","protected":false},"excerpt":{"rendered":"<p>Il maneggio ecosostenibile Corti Gardesane di Casa Viva<\/p>\n","protected":false},"author":1,"featured_media":6958,"comment_status":"closed","ping_status":"closed","sticky":false,"template":"","format":"standard","meta":{"_acf_changed":false,"inline_featured_image":false,"footnotes":""},"categories":[4],"tags":[],"class_list":["post-6984","post","type-post","status-publish","format-standard","has-post-thumbnail","hentry","category-unkategorisiert"],"acf":[],"yoast_head":"<!-- This site is optimized with the Yoast SEO plugin v28.2 - https:\/\/yoast.com\/product\/yoast-seo-wordpress\/ -->\n<title>Kreativ-Retreat Casa Viva 2024: Regeneriere K\u00f6rper und Geist am Gardasee<\/title>\n<meta name=\"description\" content=\"Komm zu uns vom 12. bis 14. April zum Kreativ-Retreat Casa Viva am Gardasee: Yoga, Kunst und Momente der Reflexion, um Dir Zeit und Ruhe zu schenken.\" \/>\n<meta name=\"robots\" content=\"index, follow, max-snippet:-1, max-image-preview:large, max-video-preview:-1\" \/>\n<link rel=\"canonical\" href=\"https:\/\/www.casavivagarda.com\/de\/kreativ-retreat-april\/\" \/>\n<meta property=\"og:locale\" content=\"de_DE\" \/>\n<meta property=\"og:type\" content=\"article\" \/>\n<meta property=\"og:title\" content=\"Kreativ-Retreat Casa Viva 2024: Regeneriere K\u00f6rper und Geist am Gardasee\" \/>\n<meta property=\"og:description\" content=\"Komm zu uns vom 12. bis 14. April zum Kreativ-Retreat Casa Viva am Gardasee: Yoga, Kunst und Momente der Reflexion, um Dir Zeit und Ruhe zu schenken.\" \/>\n<meta property=\"og:url\" content=\"https:\/\/www.casavivagarda.com\/de\/kreativ-retreat-april\/\" \/>\n<meta property=\"og:site_name\" content=\"Casa Viva\" \/>\n<meta property=\"article:published_time\" content=\"2024-04-01T16:21:39+00:00\" \/>\n<meta property=\"article:modified_time\" content=\"2024-04-02T10:31:41+00:00\" \/>\n<meta property=\"og:image\" content=\"https:\/\/www.casavivagarda.com\/wp-content\/uploads\/2024\/04\/yoga-ritiro-creativo-casa-viva-garda.jpg\" \/>\n\t<meta property=\"og:image:width\" content=\"1600\" \/>\n\t<meta property=\"og:image:height\" content=\"1067\" \/>\n\t<meta property=\"og:image:type\" content=\"image\/jpeg\" \/>\n<meta name=\"author\" content=\"S4u1.S455in\" \/>\n<meta name=\"twitter:card\" content=\"summary_large_image\" \/>\n<meta name=\"twitter:label1\" content=\"Verfasst von\" \/>\n\t<meta name=\"twitter:data1\" content=\"S4u1.S455in\" \/>\n\t<meta name=\"twitter:label2\" content=\"Gesch\u00e4tzte Lesezeit\" \/>\n\t<meta name=\"twitter:data2\" content=\"3\u00a0Minuten\" \/>\n<script type=\"application\/ld+json\" class=\"yoast-schema-graph\">{\"@context\":\"https:\\\/\\\/schema.org\",\"@graph\":[{\"@type\":\"Article\",\"@id\":\"https:\\\/\\\/www.casavivagarda.com\\\/de\\\/kreativ-retreat-april\\\/#article\",\"isPartOf\":{\"@id\":\"https:\\\/\\\/www.casavivagarda.com\\\/de\\\/kreativ-retreat-april\\\/\"},\"author\":{\"name\":\"S4u1.S455in\",\"@id\":\"https:\\\/\\\/www.casavivagarda.com\\\/de\\\/#\\\/schema\\\/person\\\/b875c86ea75daf3c54e8485371c5ae65\"},\"headline\":\"Kreativ-Retreat April\",\"datePublished\":\"2024-04-01T16:21:39+00:00\",\"dateModified\":\"2024-04-02T10:31:41+00:00\",\"mainEntityOfPage\":{\"@id\":\"https:\\\/\\\/www.casavivagarda.com\\\/de\\\/kreativ-retreat-april\\\/\"},\"wordCount\":408,\"image\":{\"@id\":\"https:\\\/\\\/www.casavivagarda.com\\\/de\\\/kreativ-retreat-april\\\/#primaryimage\"},\"thumbnailUrl\":\"https:\\\/\\\/www.casavivagarda.com\\\/wp-content\\\/uploads\\\/2024\\\/04\\\/yoga-ritiro-creativo-casa-viva-garda.jpg\",\"articleSection\":[\"Unkategorisiert\"],\"inLanguage\":\"de\"},{\"@type\":\"WebPage\",\"@id\":\"https:\\\/\\\/www.casavivagarda.com\\\/de\\\/kreativ-retreat-april\\\/\",\"url\":\"https:\\\/\\\/www.casavivagarda.com\\\/de\\\/kreativ-retreat-april\\\/\",\"name\":\"Kreativ-Retreat Casa Viva 2024: Regeneriere K\u00f6rper und Geist am Gardasee\",\"isPartOf\":{\"@id\":\"https:\\\/\\\/www.casavivagarda.com\\\/de\\\/#website\"},\"primaryImageOfPage\":{\"@id\":\"https:\\\/\\\/www.casavivagarda.com\\\/de\\\/kreativ-retreat-april\\\/#primaryimage\"},\"image\":{\"@id\":\"https:\\\/\\\/www.casavivagarda.com\\\/de\\\/kreativ-retreat-april\\\/#primaryimage\"},\"thumbnailUrl\":\"https:\\\/\\\/www.casavivagarda.com\\\/wp-content\\\/uploads\\\/2024\\\/04\\\/yoga-ritiro-creativo-casa-viva-garda.jpg\",\"datePublished\":\"2024-04-01T16:21:39+00:00\",\"dateModified\":\"2024-04-02T10:31:41+00:00\",\"author\":{\"@id\":\"https:\\\/\\\/www.casavivagarda.com\\\/de\\\/#\\\/schema\\\/person\\\/b875c86ea75daf3c54e8485371c5ae65\"},\"description\":\"Komm zu uns vom 12. bis 14. April zum Kreativ-Retreat Casa Viva am Gardasee: Yoga, Kunst und Momente der Reflexion, um Dir Zeit und Ruhe zu schenken.\",\"breadcrumb\":{\"@id\":\"https:\\\/\\\/www.casavivagarda.com\\\/de\\\/kreativ-retreat-april\\\/#breadcrumb\"},\"inLanguage\":\"de\",\"potentialAction\":[{\"@type\":\"ReadAction\",\"target\":[\"https:\\\/\\\/www.casavivagarda.com\\\/de\\\/kreativ-retreat-april\\\/\"]}]},{\"@type\":\"ImageObject\",\"inLanguage\":\"de\",\"@id\":\"https:\\\/\\\/www.casavivagarda.com\\\/de\\\/kreativ-retreat-april\\\/#primaryimage\",\"url\":\"https:\\\/\\\/www.casavivagarda.com\\\/wp-content\\\/uploads\\\/2024\\\/04\\\/yoga-ritiro-creativo-casa-viva-garda.jpg\",\"contentUrl\":\"https:\\\/\\\/www.casavivagarda.com\\\/wp-content\\\/uploads\\\/2024\\\/04\\\/yoga-ritiro-creativo-casa-viva-garda.jpg\",\"width\":1600,\"height\":1067,\"caption\":\"Yin Yoga a Casa Viva Garda\"},{\"@type\":\"BreadcrumbList\",\"@id\":\"https:\\\/\\\/www.casavivagarda.com\\\/de\\\/kreativ-retreat-april\\\/#breadcrumb\",\"itemListElement\":[{\"@type\":\"ListItem\",\"position\":1,\"name\":\"Home\",\"item\":\"https:\\\/\\\/www.casavivagarda.com\\\/de\\\/\"},{\"@type\":\"ListItem\",\"position\":2,\"name\":\"\u00f6ko-geschichten\",\"item\":\"https:\\\/\\\/www.casavivagarda.com\\\/de\\\/oko-geschichten\\\/\"},{\"@type\":\"ListItem\",\"position\":3,\"name\":\"Kreativ-Retreat April\"}]},{\"@type\":\"WebSite\",\"@id\":\"https:\\\/\\\/www.casavivagarda.com\\\/de\\\/#website\",\"url\":\"https:\\\/\\\/www.casavivagarda.com\\\/de\\\/\",\"name\":\"Casa Viva\",\"description\":\"eco sleep \u2022 bio pool\",\"potentialAction\":[{\"@type\":\"SearchAction\",\"target\":{\"@type\":\"EntryPoint\",\"urlTemplate\":\"https:\\\/\\\/www.casavivagarda.com\\\/de\\\/?s={search_term_string}\"},\"query-input\":{\"@type\":\"PropertyValueSpecification\",\"valueRequired\":true,\"valueName\":\"search_term_string\"}}],\"inLanguage\":\"de\"},{\"@type\":\"Person\",\"@id\":\"https:\\\/\\\/www.casavivagarda.com\\\/de\\\/#\\\/schema\\\/person\\\/b875c86ea75daf3c54e8485371c5ae65\",\"name\":\"S4u1.S455in\",\"image\":{\"@type\":\"ImageObject\",\"inLanguage\":\"de\",\"@id\":\"https:\\\/\\\/secure.gravatar.com\\\/avatar\\\/104f28fb2c1c153e0180e6c646386c08a6572647e1a42dc41a9e5611abb1a739?s=96&d=mm&r=g\",\"url\":\"https:\\\/\\\/secure.gravatar.com\\\/avatar\\\/104f28fb2c1c153e0180e6c646386c08a6572647e1a42dc41a9e5611abb1a739?s=96&d=mm&r=g\",\"contentUrl\":\"https:\\\/\\\/secure.gravatar.com\\\/avatar\\\/104f28fb2c1c153e0180e6c646386c08a6572647e1a42dc41a9e5611abb1a739?s=96&d=mm&r=g\",\"caption\":\"S4u1.S455in\"},\"sameAs\":[\"http:\\\/\\\/www.casavivagarda.com\"]}]}<\/script>\n<!-- \/ Yoast SEO plugin. -->","yoast_head_json":{"title":"Kreativ-Retreat Casa Viva 2024: Regeneriere K\u00f6rper und Geist am Gardasee","description":"Komm zu uns vom 12. bis 14. April zum Kreativ-Retreat Casa Viva am Gardasee: Yoga, Kunst und Momente der Reflexion, um Dir Zeit und Ruhe zu schenken.","robots":{"index":"index","follow":"follow","max-snippet":"max-snippet:-1","max-image-preview":"max-image-preview:large","max-video-preview":"max-video-preview:-1"},"canonical":"https:\/\/www.casavivagarda.com\/de\/kreativ-retreat-april\/","og_locale":"de_DE","og_type":"article","og_title":"Kreativ-Retreat Casa Viva 2024: Regeneriere K\u00f6rper und Geist am Gardasee","og_description":"Komm zu uns vom 12. bis 14. April zum Kreativ-Retreat Casa Viva am Gardasee: Yoga, Kunst und Momente der Reflexion, um Dir Zeit und Ruhe zu schenken.","og_url":"https:\/\/www.casavivagarda.com\/de\/kreativ-retreat-april\/","og_site_name":"Casa Viva","article_published_time":"2024-04-01T16:21:39+00:00","article_modified_time":"2024-04-02T10:31:41+00:00","og_image":[{"width":1600,"height":1067,"url":"https:\/\/www.casavivagarda.com\/wp-content\/uploads\/2024\/04\/yoga-ritiro-creativo-casa-viva-garda.jpg","type":"image\/jpeg"}],"author":"S4u1.S455in","twitter_card":"summary_large_image","twitter_misc":{"Verfasst von":"S4u1.S455in","Gesch\u00e4tzte Lesezeit":"3\u00a0Minuten"},"schema":{"@context":"https:\/\/schema.org","@graph":[{"@type":"Article","@id":"https:\/\/www.casavivagarda.com\/de\/kreativ-retreat-april\/#article","isPartOf":{"@id":"https:\/\/www.casavivagarda.com\/de\/kreativ-retreat-april\/"},"author":{"name":"S4u1.S455in","@id":"https:\/\/www.casavivagarda.com\/de\/#\/schema\/person\/b875c86ea75daf3c54e8485371c5ae65"},"headline":"Kreativ-Retreat April","datePublished":"2024-04-01T16:21:39+00:00","dateModified":"2024-04-02T10:31:41+00:00","mainEntityOfPage":{"@id":"https:\/\/www.casavivagarda.com\/de\/kreativ-retreat-april\/"},"wordCount":408,"image":{"@id":"https:\/\/www.casavivagarda.com\/de\/kreativ-retreat-april\/#primaryimage"},"thumbnailUrl":"https:\/\/www.casavivagarda.com\/wp-content\/uploads\/2024\/04\/yoga-ritiro-creativo-casa-viva-garda.jpg","articleSection":["Unkategorisiert"],"inLanguage":"de"},{"@type":"WebPage","@id":"https:\/\/www.casavivagarda.com\/de\/kreativ-retreat-april\/","url":"https:\/\/www.casavivagarda.com\/de\/kreativ-retreat-april\/","name":"Kreativ-Retreat Casa Viva 2024: Regeneriere K\u00f6rper und Geist am Gardasee","isPartOf":{"@id":"https:\/\/www.casavivagarda.com\/de\/#website"},"primaryImageOfPage":{"@id":"https:\/\/www.casavivagarda.com\/de\/kreativ-retreat-april\/#primaryimage"},"image":{"@id":"https:\/\/www.casavivagarda.com\/de\/kreativ-retreat-april\/#primaryimage"},"thumbnailUrl":"https:\/\/www.casavivagarda.com\/wp-content\/uploads\/2024\/04\/yoga-ritiro-creativo-casa-viva-garda.jpg","datePublished":"2024-04-01T16:21:39+00:00","dateModified":"2024-04-02T10:31:41+00:00","author":{"@id":"https:\/\/www.casavivagarda.com\/de\/#\/schema\/person\/b875c86ea75daf3c54e8485371c5ae65"},"description":"Komm zu uns vom 12. bis 14. April zum Kreativ-Retreat Casa Viva am Gardasee: Yoga, Kunst und Momente der Reflexion, um Dir Zeit und Ruhe zu schenken.","breadcrumb":{"@id":"https:\/\/www.casavivagarda.com\/de\/kreativ-retreat-april\/#breadcrumb"},"inLanguage":"de","potentialAction":[{"@type":"ReadAction","target":["https:\/\/www.casavivagarda.com\/de\/kreativ-retreat-april\/"]}]},{"@type":"ImageObject","inLanguage":"de","@id":"https:\/\/www.casavivagarda.com\/de\/kreativ-retreat-april\/#primaryimage","url":"https:\/\/www.casavivagarda.com\/wp-content\/uploads\/2024\/04\/yoga-ritiro-creativo-casa-viva-garda.jpg","contentUrl":"https:\/\/www.casavivagarda.com\/wp-content\/uploads\/2024\/04\/yoga-ritiro-creativo-casa-viva-garda.jpg","width":1600,"height":1067,"caption":"Yin Yoga a Casa Viva Garda"},{"@type":"BreadcrumbList","@id":"https:\/\/www.casavivagarda.com\/de\/kreativ-retreat-april\/#breadcrumb","itemListElement":[{"@type":"ListItem","position":1,"name":"Home","item":"https:\/\/www.casavivagarda.com\/de\/"},{"@type":"ListItem","position":2,"name":"\u00f6ko-geschichten","item":"https:\/\/www.casavivagarda.com\/de\/oko-geschichten\/"},{"@type":"ListItem","position":3,"name":"Kreativ-Retreat April"}]},{"@type":"WebSite","@id":"https:\/\/www.casavivagarda.com\/de\/#website","url":"https:\/\/www.casavivagarda.com\/de\/","name":"Casa Viva","description":"eco sleep \u2022 bio pool","potentialAction":[{"@type":"SearchAction","target":{"@type":"EntryPoint","urlTemplate":"https:\/\/www.casavivagarda.com\/de\/?s={search_term_string}"},"query-input":{"@type":"PropertyValueSpecification","valueRequired":true,"valueName":"search_term_string"}}],"inLanguage":"de"},{"@type":"Person","@id":"https:\/\/www.casavivagarda.com\/de\/#\/schema\/person\/b875c86ea75daf3c54e8485371c5ae65","name":"S4u1.S455in","image":{"@type":"ImageObject","inLanguage":"de","@id":"https:\/\/secure.gravatar.com\/avatar\/104f28fb2c1c153e0180e6c646386c08a6572647e1a42dc41a9e5611abb1a739?s=96&d=mm&r=g","url":"https:\/\/secure.gravatar.com\/avatar\/104f28fb2c1c153e0180e6c646386c08a6572647e1a42dc41a9e5611abb1a739?s=96&d=mm&r=g","contentUrl":"https:\/\/secure.gravatar.com\/avatar\/104f28fb2c1c153e0180e6c646386c08a6572647e1a42dc41a9e5611abb1a739?s=96&d=mm&r=g","caption":"S4u1.S455in"},"sameAs":["http:\/\/www.casavivagarda.com"]}]}},"_links":{"self":[{"href":"https:\/\/www.casavivagarda.com\/de\/wp-json\/wp\/v2\/posts\/6984","targetHints":{"allow":["GET"]}}],"collection":[{"href":"https:\/\/www.casavivagarda.com\/de\/wp-json\/wp\/v2\/posts"}],"about":[{"href":"https:\/\/www.casavivagarda.com\/de\/wp-json\/wp\/v2\/types\/post"}],"author":[{"embeddable":true,"href":"https:\/\/www.casavivagarda.com\/de\/wp-json\/wp\/v2\/users\/1"}],"replies":[{"embeddable":true,"href":"https:\/\/www.casavivagarda.com\/de\/wp-json\/wp\/v2\/comments?post=6984"}],"version-history":[{"count":2,"href":"https:\/\/www.casavivagarda.com\/de\/wp-json\/wp\/v2\/posts\/6984\/revisions"}],"predecessor-version":[{"id":6994,"href":"https:\/\/www.casavivagarda.com\/de\/wp-json\/wp\/v2\/posts\/6984\/revisions\/6994"}],"wp:featuredmedia":[{"embeddable":true,"href":"https:\/\/www.casavivagarda.com\/de\/wp-json\/wp\/v2\/media\/6958"}],"wp:attachment":[{"href":"https:\/\/www.casavivagarda.com\/de\/wp-json\/wp\/v2\/media?parent=6984"}],"wp:term":[{"taxonomy":"category","embeddable":true,"href":"https:\/\/www.casavivagarda.com\/de\/wp-json\/wp\/v2\/categories?post=6984"},{"taxonomy":"post_tag","embeddable":true,"href":"https:\/\/www.casavivagarda.com\/de\/wp-json\/wp\/v2\/tags?post=6984"}],"curies":[{"name":"wp","href":"https:\/\/api.w.org\/{rel}","templated":true}]}}