{"id":4131,"date":"2022-11-09T12:51:22","date_gmt":"2022-11-09T11:51:22","guid":{"rendered":"https:\/\/www.casavivagarda.com\/andare-a-cavallo-lago-di-garda-maneggio-corti-gardesane\/"},"modified":"2022-11-09T18:59:08","modified_gmt":"2022-11-09T17:59:08","slug":"reiten-gardasee-reitschule-corti-gardesane","status":"publish","type":"post","link":"https:\/\/www.casavivagarda.com\/de\/reiten-gardasee-reitschule-corti-gardesane\/","title":{"rendered":"Reiten am Gardasee"},"content":{"rendered":"\n<h2 class=\"wp-block-heading\">Unsere nachhaltige Reitschule Corti Gardesane&nbsp;<\/h2>\n\n\n\n<p>W\u00e4hrend ich als Erzieherin in einem Kunst-Sommercamp in einer Jurte arbeitete, sah ich zum ersten Mal Marco auf dem R\u00fccken seines Pferdes Eclisse.&nbsp; Die Kinder und ich zeichneten daraufhin Reiter und Pferd. Und so lernten Marco und ich uns kennen.&nbsp;<\/p>\n\n\n\n<p>Unsere Freunde hielten uns anfangs f\u00fcr verr\u00fcckt, als wir uns dazu entschieden haben, unsere Arbeit aufzugeben, um eine eigene Reitschule zu er\u00f6ffnen. Doch der Wunsch nach einem Leben mit Pferden und einer eigenen Reitschule hat uns den Mut dazu gegeben und so gr\u00fcndeten wir schon bald unsere erste, recht einfach gestaltete Reitschule auf einer Wiese in Pesina, ein kleiner Ortsteil von Caprino Veronese. Dabei lag unser Hauptaugenmerk auch schon damals auf dem Wohl der Pferde. Sie hatten dort sehr viel Auslauf und das war f\u00fcr uns besonders wichtig. &nbsp;<\/p>\n\n\n\n<p>Unsere Reitschule wurde schnell gr\u00f6\u00dfer und gr\u00f6\u00dfer. Wir zogen von Pesina nach Marciaga, wo wir unsere <a href=\"https:\/\/www.casavivagarda.com\/de\/reitschule-corti-gardesane\/\">nachhaltige Reitschule Corti Gardesane<\/a> errichteten und daraufhin <a href=\"https:\/\/www.casavivagarda.com\/de\/zimmer-okoferien-gardasee\/\">die G\u00e4steh\u00e4user des Casa Viva<\/a>.\u00a0<\/p>\n\n\n\n<figure class=\"wp-block-image size-large\"><img loading=\"lazy\" decoding=\"async\" width=\"1024\" height=\"682\" src=\"https:\/\/www.casavivagarda.com\/wp-content\/uploads\/2022\/11\/Casa-Viva-Maneggio-Corti-Gardesane-Lago-di-Garda-1024x682.jpg\" alt=\"\" class=\"wp-image-4085\" srcset=\"https:\/\/www.casavivagarda.com\/wp-content\/uploads\/2022\/11\/Casa-Viva-Maneggio-Corti-Gardesane-Lago-di-Garda-1024x682.jpg 1024w, https:\/\/www.casavivagarda.com\/wp-content\/uploads\/2022\/11\/Casa-Viva-Maneggio-Corti-Gardesane-Lago-di-Garda-300x200.jpg 300w, https:\/\/www.casavivagarda.com\/wp-content\/uploads\/2022\/11\/Casa-Viva-Maneggio-Corti-Gardesane-Lago-di-Garda-768x512.jpg 768w, https:\/\/www.casavivagarda.com\/wp-content\/uploads\/2022\/11\/Casa-Viva-Maneggio-Corti-Gardesane-Lago-di-Garda-700x466.jpg 700w, https:\/\/www.casavivagarda.com\/wp-content\/uploads\/2022\/11\/Casa-Viva-Maneggio-Corti-Gardesane-Lago-di-Garda.jpg 2000w\" sizes=\"auto, (max-width: 1024px) 100vw, 1024px\" \/><\/figure>\n\n\n\n<h3 class=\"wp-block-heading\">Was Pferde uns lehren k\u00f6nnen<\/h3>\n\n\n\n<p>Pferde sind intelligente, starke, kontaktfreudige, sehr aufmerksame und neugierige Tiere, die uns, wenn wir bereit sind auf sie einzugehen, viel \u00fcbermitteln k\u00f6nnen.&nbsp;<\/p>\n\n\n\n<p>Pferde sind von Natur aus Herdentiere und entwickeln eine sehr starke Bindung zu ihren Artgenossen. Sie lieben es im Freien zu sein, \u00fcber Wiesen zu galoppieren und ben\u00f6tigen Zeit zum Grasen. Diese wundervollen und friedlichen Vierbeiner k\u00f6nnen zu treuen Freunden werden, wenn man ihnen gen\u00fcgend Zeit und Raum gibt, uns Menschen n\u00e4her kennenzulernen.<\/p>\n\n\n\n<p>In freier Wildbahn sind Pferde Beutetiere. Deshalb f\u00e4llt es uns Menschen, als \u201cRaubtiere\u201d, anfangs vielleicht schwer, ihre geheimnisvolle Sprache zu verstehen. Doch Pferde sind sanftm\u00fctig und geduldig mit uns, wenn wir uns ihnen gegen\u00fcber entschlossen zeigen und sie zugleich mit viel F\u00fcrsorge und Aufmerksamkeit behandeln.&nbsp;<\/p>\n\n\n\n<figure class=\"wp-block-image size-large\"><img loading=\"lazy\" decoding=\"async\" width=\"1024\" height=\"682\" src=\"https:\/\/www.casavivagarda.com\/wp-content\/uploads\/2022\/11\/Casa-Viva-Marco-1024x682.jpg\" alt=\"\" class=\"wp-image-4088\" srcset=\"https:\/\/www.casavivagarda.com\/wp-content\/uploads\/2022\/11\/Casa-Viva-Marco-1024x682.jpg 1024w, https:\/\/www.casavivagarda.com\/wp-content\/uploads\/2022\/11\/Casa-Viva-Marco-300x200.jpg 300w, https:\/\/www.casavivagarda.com\/wp-content\/uploads\/2022\/11\/Casa-Viva-Marco-768x512.jpg 768w, https:\/\/www.casavivagarda.com\/wp-content\/uploads\/2022\/11\/Casa-Viva-Marco-700x466.jpg 700w, https:\/\/www.casavivagarda.com\/wp-content\/uploads\/2022\/11\/Casa-Viva-Marco.jpg 2000w\" sizes=\"auto, (max-width: 1024px) 100vw, 1024px\" \/><\/figure>\n\n\n\n<p>Sie sind hochsensible und empathische Wesen. Sie sp\u00fcren unsere Gef\u00fchle und spiegeln sie wider. Deshalb k\u00f6nnen sie uns Menschen dabei helfen, zu einem stabilen Gleichgewicht zwischen K\u00f6rper, Seele und Geist zu finden.&nbsp;<\/p>\n\n\n\n<p>Der Umgang mit diesen wunderbaren Vierbeinern wirkt sich zudem positiv auf das Selbstbewusstsein aus. Reiten verst\u00e4rkt das Vertrauen in die eigenen F\u00e4higkeiten. Der Kontakt mit diesen sensiblen Tieren erfordert ein hohes Ma\u00df an Einf\u00fchlungsverm\u00f6gen und Fingerspitzengef\u00fchl. F\u00e4higkeiten, die uns sp\u00e4ter im Umgang mit unseren Mitmenschen zu Gute kommen k\u00f6nnen.&nbsp;<\/p>\n\n\n\n<p>Es ist bekannt, dass der Umgang mit Pferden die positiven Charaktereigenschaften bei Kindern f\u00f6rdert. In unserem Reitunterricht unterst\u00fctzen wir die Kleinen dabei, Vertrauen aufzubauen, Selbstbewusstsein zu entwickeln und \u00c4ngste zu \u00fcberwinden.&nbsp;<\/p>\n\n\n\n<figure class=\"wp-block-image size-large\"><img loading=\"lazy\" decoding=\"async\" width=\"1024\" height=\"682\" src=\"https:\/\/www.casavivagarda.com\/wp-content\/uploads\/2022\/11\/Casa-Viva-cavallo-e-bambina-1024x682.jpg\" alt=\"\" class=\"wp-image-4091\" srcset=\"https:\/\/www.casavivagarda.com\/wp-content\/uploads\/2022\/11\/Casa-Viva-cavallo-e-bambina-1024x682.jpg 1024w, https:\/\/www.casavivagarda.com\/wp-content\/uploads\/2022\/11\/Casa-Viva-cavallo-e-bambina-300x200.jpg 300w, https:\/\/www.casavivagarda.com\/wp-content\/uploads\/2022\/11\/Casa-Viva-cavallo-e-bambina-768x512.jpg 768w, https:\/\/www.casavivagarda.com\/wp-content\/uploads\/2022\/11\/Casa-Viva-cavallo-e-bambina-700x466.jpg 700w, https:\/\/www.casavivagarda.com\/wp-content\/uploads\/2022\/11\/Casa-Viva-cavallo-e-bambina.jpg 2000w\" sizes=\"auto, (max-width: 1024px) 100vw, 1024px\" \/><\/figure>\n\n\n\n<p>Pferde sind wahre Lehrmeister. Man kann viel von ihnen lernen, wenn man ihnen zuh\u00f6rt und sich von einem Trainer leiten l\u00e4sst, der eine gute Beziehung zwischen Reiter und Pferd aufbauen kann.&nbsp;<\/p>\n\n\n\n<p>Neben Reitunterricht f\u00fcr Anf\u00e4nger und Fortgeschrittene im Englischen Reitstil, organisieren wir Sommercamps f\u00fcr Kinder ab 5 Jahren.<\/p>\n\n\n\n<div class=\"c-prenota-lezione\" data-aos=\"fade-up\"><h2>Reitstunde buchen<\/h2><div class=\"wp-container-1 wp-block-buttons\"><div class=\"wp-block-button\"><a href=\"tel:+393886564136\" class=\"wp-block-button__link\">Asya<br>+39 388 656 4136<\/a><\/div><div class=\"wp-block-button\"><a href=\"tel:+393483158207\" class=\"wp-block-button__link\">Marco<br>+39 348 315 8207<\/a><\/div><\/div>\n<div class=\"wpcf7 no-js\" id=\"wpcf7-f3024-o1\" lang=\"it-IT\" dir=\"ltr\" data-wpcf7-id=\"3024\">\n<div class=\"screen-reader-response\"><p role=\"status\" aria-live=\"polite\" aria-atomic=\"true\"><\/p> <ul><\/ul><\/div>\n<form action=\"\/de\/wp-json\/wp\/v2\/posts\/4131#wpcf7-f3024-o1\" method=\"post\" class=\"wpcf7-form init wpcf7-acceptance-as-validation\" aria-label=\"Modulo di contatto\" novalidate=\"novalidate\" data-status=\"init\">\n<fieldset class=\"hidden-fields-container\"><input type=\"hidden\" name=\"_wpcf7\" value=\"3024\" \/><input type=\"hidden\" name=\"_wpcf7_version\" value=\"6.1.6\" \/><input type=\"hidden\" name=\"_wpcf7_locale\" value=\"it_IT\" \/><input type=\"hidden\" name=\"_wpcf7_unit_tag\" value=\"wpcf7-f3024-o1\" \/><input type=\"hidden\" name=\"_wpcf7_container_post\" value=\"0\" \/><input type=\"hidden\" name=\"_wpcf7_posted_data_hash\" value=\"\" \/><input type=\"hidden\" name=\"_wpcf7dtx_version\" value=\"5.0.7\" \/>\n<\/fieldset>\n<div class=\"wpcf7-response-output\" aria-hidden=\"true\"><\/div>\n<div class=\"row\">\n\t<div class=\"col-sm-6\">\n\t\t<p class=\"nome\"><span class=\"placeholder-alt\">Name (*)<\/span><br \/>\n<span class=\"wpcf7-form-control-wrap\" data-name=\"nome\"><input size=\"40\" maxlength=\"400\" class=\"wpcf7-form-control wpcf7-text wpcf7-validates-as-required\" aria-required=\"true\" aria-invalid=\"false\" value=\"\" type=\"text\" name=\"nome\" \/><\/span>\n\t\t<\/p>\n\t<\/div>\n\t<div class=\"col-sm-6\">\n\t\t<p class=\"cognome\"><span class=\"placeholder-alt\">Nachname (*)<\/span><br \/>\n<span class=\"wpcf7-form-control-wrap\" data-name=\"cognome\"><input size=\"40\" maxlength=\"400\" class=\"wpcf7-form-control wpcf7-text wpcf7-validates-as-required\" aria-required=\"true\" aria-invalid=\"false\" value=\"\" type=\"text\" name=\"cognome\" \/><\/span>\n\t\t<\/p>\n\t<\/div>\n<\/div>\n<div class=\"row\">\n\t<div class=\"col-sm-6\">\n\t\t<p class=\"email\"><span class=\"placeholder-alt\">Email (*)<\/span><br \/>\n<span class=\"wpcf7-form-control-wrap\" data-name=\"email\"><input size=\"40\" maxlength=\"400\" class=\"wpcf7-form-control wpcf7-email wpcf7-validates-as-required wpcf7-text wpcf7-validates-as-email\" aria-required=\"true\" aria-invalid=\"false\" value=\"\" type=\"email\" name=\"email\" \/><\/span>\n\t\t<\/p>\n\t<\/div>\n\t<div class=\"col-sm-6\">\n\t\t<p class=\"tel\"><span class=\"placeholder-alt\"> Telefonnummer <\/span><br \/>\n<span class=\"wpcf7-form-control-wrap\" data-name=\"tel\"><input size=\"40\" maxlength=\"400\" class=\"wpcf7-form-control wpcf7-tel wpcf7-text wpcf7-validates-as-tel\" aria-invalid=\"false\" value=\"\" type=\"tel\" name=\"tel\" \/><\/span>\n\t\t<\/p>\n\t<\/div>\n<\/div>\n<div class=\"row\">\n\t<div class=\"col-sm-6\">\n\t\t<p class=\"arrivo\"><span class=\"placeholder-alt\">Wann (*)<\/span><br \/>\n<span class=\"wpcf7-form-control-wrap\" data-name=\"data-lezione\"><input size=\"40\" maxlength=\"400\" class=\"wpcf7-form-control wpcf7-text wpcf7-validates-as-required wpcf7-date\" id=\"data-lezione\" autocomplete=\"off\" aria-required=\"true\" aria-invalid=\"false\" value=\"\" type=\"text\" name=\"data-lezione\" \/><\/span>\n\t\t<\/p>\n\t<\/div>\n\t<div class=\"col-sm-6\">\n\t\t<p class=\"persone\"><span class=\"placeholder-alt\"> Personen (*)<\/span><br \/>\n<span class=\"wpcf7-form-control-wrap\" data-name=\"persone\"><input class=\"wpcf7-form-control wpcf7-number wpcf7-validates-as-required wpcf7-validates-as-number\" min=\"0\" aria-required=\"true\" aria-invalid=\"false\" value=\"\" type=\"number\" name=\"persone\" \/><\/span>\n\t\t<\/p>\n\t<\/div>\n<\/div>\n<div class=\"row\">\n\t<div class=\"col-sm-12\">\n\t\t<p class=\"messaggio\"><span class=\"placeholder-alt\">Meldungen und hinweise<\/span>\n\t\t<\/p>\n\t\t<p><span class=\"wpcf7-form-control-wrap\" data-name=\"messaggio\"><textarea cols=\"40\" rows=\"3\" maxlength=\"2000\" class=\"wpcf7-form-control wpcf7-textarea\" aria-invalid=\"false\" name=\"messaggio\"><\/textarea><\/span>\n\t\t<\/p>\n\t\t<p>Privacy:\n\t\t<\/p>\n\t\t<div class=\"checkbox\">\n\t\t\t<p><span class=\"wpcf7-form-control-wrap\" data-name=\"privacy\"><span class=\"wpcf7-form-control wpcf7-acceptance\"><span class=\"wpcf7-list-item\"><input type=\"checkbox\" name=\"privacy\" value=\"1\" aria-invalid=\"false\" \/><\/span><\/span><\/span><label class=\"privacy-text\">Ich akzeptiere Ihre <a href=\"https:\/\/www.iubenda.com\/privacy-policy\/28012972\" class=\"iubenda-nostyle iubenda-noiframe iubenda-embed iubenda-noiframe \" title=\"Privacy Policy \">Privacy Policy<\/a><script type=\"text\/javascript\">(function (w,d) {var loader = function () {var s = d.createElement(\"script\"), tag = d.getElementsByTagName(\"script\")[0]; s.src=\"https:\/\/cdn.iubenda.com\/iubenda.js\"; tag.parentNode.insertBefore(s,tag);}; if(w.addEventListener){w.addEventListener(\"load\", loader, false);}else if(w.attachEvent){w.attachEvent(\"onload\", loader);}else{w.onload = loader;}})(window, document);<\/script><\/label>\n\t\t\t<\/p>\n\t\t<\/div>\n\t<\/div>\n<\/div>\n<div class=\"wpcf7-response-output\" aria-hidden=\"true\"><\/div>\n<div class=\"row submit-button-row\">\n\t<div class=\"col-sm-12\">\n\t\t<p><input class=\"wpcf7-form-control wpcf7-submit has-spinner\" type=\"submit\" value=\"Senden\" \/>\n\t\t<\/p>\n\t<\/div>\n<\/div>\n<\/form>\n<\/div>\n<\/div><script type=\"text\/javascript\">jQuery('.wpcf7-date').datepicker({language: 'de', dateFormat: 'dd\/mm\/yyyy'});<\/script>\n\n\n\n<div class=\"wp-block-buttons is-layout-flex wp-block-buttons-is-layout-flex\"><\/div>\n","protected":false},"excerpt":{"rendered":"<p>Unsere nachhaltige Reitschule Corti Gardesane <\/p>\n","protected":false},"author":2,"featured_media":4102,"comment_status":"closed","ping_status":"closed","sticky":false,"template":"","format":"standard","meta":{"_acf_changed":false,"inline_featured_image":false,"footnotes":""},"categories":[4],"tags":[],"class_list":["post-4131","post","type-post","status-publish","format-standard","has-post-thumbnail","hentry","category-unkategorisiert"],"acf":[],"yoast_head":"<!-- This site is optimized with the Yoast SEO plugin v28.2 - https:\/\/yoast.com\/product\/yoast-seo-wordpress\/ -->\n<title>Reiten am Gardasee: die Reitschule Corti Gardesane des Casa Viva<\/title>\n<meta name=\"description\" content=\"Nimm teil am Reitunterricht in der Reitschule Corti Gardesane im Casa Viva am Gardasee und entdecke die Vorteile des Reitens.\" \/>\n<meta name=\"robots\" content=\"index, follow, max-snippet:-1, max-image-preview:large, max-video-preview:-1\" \/>\n<link rel=\"canonical\" href=\"https:\/\/www.casavivagarda.com\/de\/reiten-gardasee-reitschule-corti-gardesane\/\" \/>\n<meta property=\"og:locale\" content=\"de_DE\" \/>\n<meta property=\"og:type\" content=\"article\" \/>\n<meta property=\"og:title\" content=\"Reiten am Gardasee: die Reitschule Corti Gardesane des Casa Viva\" \/>\n<meta property=\"og:description\" content=\"Nimm teil am Reitunterricht in der Reitschule Corti Gardesane im Casa Viva am Gardasee und entdecke die Vorteile des Reitens.\" \/>\n<meta property=\"og:url\" content=\"https:\/\/www.casavivagarda.com\/de\/reiten-gardasee-reitschule-corti-gardesane\/\" \/>\n<meta property=\"og:site_name\" content=\"Casa Viva\" \/>\n<meta property=\"article:published_time\" content=\"2022-11-09T11:51:22+00:00\" \/>\n<meta property=\"article:modified_time\" content=\"2022-11-09T17:59:08+00:00\" \/>\n<meta property=\"og:image\" content=\"https:\/\/www.casavivagarda.com\/wp-content\/uploads\/2022\/11\/Casa-Viva-bambini-a-cavallo.jpg\" \/>\n\t<meta property=\"og:image:width\" content=\"2000\" \/>\n\t<meta property=\"og:image:height\" content=\"1333\" \/>\n\t<meta property=\"og:image:type\" content=\"image\/jpeg\" \/>\n<meta name=\"author\" content=\"Angela Trawoeger\" \/>\n<meta name=\"twitter:card\" content=\"summary_large_image\" \/>\n<meta name=\"twitter:label1\" content=\"Verfasst von\" \/>\n\t<meta name=\"twitter:data1\" content=\"Angela Trawoeger\" \/>\n\t<meta name=\"twitter:label2\" content=\"Gesch\u00e4tzte Lesezeit\" \/>\n\t<meta name=\"twitter:data2\" content=\"3\u00a0Minuten\" \/>\n<script type=\"application\/ld+json\" class=\"yoast-schema-graph\">{\"@context\":\"https:\\\/\\\/schema.org\",\"@graph\":[{\"@type\":\"Article\",\"@id\":\"https:\\\/\\\/www.casavivagarda.com\\\/de\\\/reiten-gardasee-reitschule-corti-gardesane\\\/#article\",\"isPartOf\":{\"@id\":\"https:\\\/\\\/www.casavivagarda.com\\\/de\\\/reiten-gardasee-reitschule-corti-gardesane\\\/\"},\"author\":{\"name\":\"Angela Trawoeger\",\"@id\":\"https:\\\/\\\/www.casavivagarda.com\\\/de\\\/#\\\/schema\\\/person\\\/54259365d58048a796db93322b2966ed\"},\"headline\":\"Reiten am Gardasee\",\"datePublished\":\"2022-11-09T11:51:22+00:00\",\"dateModified\":\"2022-11-09T17:59:08+00:00\",\"mainEntityOfPage\":{\"@id\":\"https:\\\/\\\/www.casavivagarda.com\\\/de\\\/reiten-gardasee-reitschule-corti-gardesane\\\/\"},\"wordCount\":499,\"image\":{\"@id\":\"https:\\\/\\\/www.casavivagarda.com\\\/de\\\/reiten-gardasee-reitschule-corti-gardesane\\\/#primaryimage\"},\"thumbnailUrl\":\"https:\\\/\\\/www.casavivagarda.com\\\/wp-content\\\/uploads\\\/2022\\\/11\\\/Casa-Viva-bambini-a-cavallo.jpg\",\"articleSection\":[\"Unkategorisiert\"],\"inLanguage\":\"de\"},{\"@type\":\"WebPage\",\"@id\":\"https:\\\/\\\/www.casavivagarda.com\\\/de\\\/reiten-gardasee-reitschule-corti-gardesane\\\/\",\"url\":\"https:\\\/\\\/www.casavivagarda.com\\\/de\\\/reiten-gardasee-reitschule-corti-gardesane\\\/\",\"name\":\"Reiten am Gardasee: die Reitschule Corti Gardesane des Casa Viva\",\"isPartOf\":{\"@id\":\"https:\\\/\\\/www.casavivagarda.com\\\/de\\\/#website\"},\"primaryImageOfPage\":{\"@id\":\"https:\\\/\\\/www.casavivagarda.com\\\/de\\\/reiten-gardasee-reitschule-corti-gardesane\\\/#primaryimage\"},\"image\":{\"@id\":\"https:\\\/\\\/www.casavivagarda.com\\\/de\\\/reiten-gardasee-reitschule-corti-gardesane\\\/#primaryimage\"},\"thumbnailUrl\":\"https:\\\/\\\/www.casavivagarda.com\\\/wp-content\\\/uploads\\\/2022\\\/11\\\/Casa-Viva-bambini-a-cavallo.jpg\",\"datePublished\":\"2022-11-09T11:51:22+00:00\",\"dateModified\":\"2022-11-09T17:59:08+00:00\",\"author\":{\"@id\":\"https:\\\/\\\/www.casavivagarda.com\\\/de\\\/#\\\/schema\\\/person\\\/54259365d58048a796db93322b2966ed\"},\"description\":\"Nimm teil am Reitunterricht in der Reitschule Corti Gardesane im Casa Viva am Gardasee und entdecke die Vorteile des Reitens.\",\"breadcrumb\":{\"@id\":\"https:\\\/\\\/www.casavivagarda.com\\\/de\\\/reiten-gardasee-reitschule-corti-gardesane\\\/#breadcrumb\"},\"inLanguage\":\"de\",\"potentialAction\":[{\"@type\":\"ReadAction\",\"target\":[\"https:\\\/\\\/www.casavivagarda.com\\\/de\\\/reiten-gardasee-reitschule-corti-gardesane\\\/\"]}]},{\"@type\":\"ImageObject\",\"inLanguage\":\"de\",\"@id\":\"https:\\\/\\\/www.casavivagarda.com\\\/de\\\/reiten-gardasee-reitschule-corti-gardesane\\\/#primaryimage\",\"url\":\"https:\\\/\\\/www.casavivagarda.com\\\/wp-content\\\/uploads\\\/2022\\\/11\\\/Casa-Viva-bambini-a-cavallo.jpg\",\"contentUrl\":\"https:\\\/\\\/www.casavivagarda.com\\\/wp-content\\\/uploads\\\/2022\\\/11\\\/Casa-Viva-bambini-a-cavallo.jpg\",\"width\":2000,\"height\":1333,\"caption\":\"bambine a cavallo nel prato\"},{\"@type\":\"BreadcrumbList\",\"@id\":\"https:\\\/\\\/www.casavivagarda.com\\\/de\\\/reiten-gardasee-reitschule-corti-gardesane\\\/#breadcrumb\",\"itemListElement\":[{\"@type\":\"ListItem\",\"position\":1,\"name\":\"Home\",\"item\":\"https:\\\/\\\/www.casavivagarda.com\\\/de\\\/\"},{\"@type\":\"ListItem\",\"position\":2,\"name\":\"\u00f6ko-geschichten\",\"item\":\"https:\\\/\\\/www.casavivagarda.com\\\/de\\\/oko-geschichten\\\/\"},{\"@type\":\"ListItem\",\"position\":3,\"name\":\"Reiten am Gardasee\"}]},{\"@type\":\"WebSite\",\"@id\":\"https:\\\/\\\/www.casavivagarda.com\\\/de\\\/#website\",\"url\":\"https:\\\/\\\/www.casavivagarda.com\\\/de\\\/\",\"name\":\"Casa Viva\",\"description\":\"eco sleep \u2022 bio pool\",\"potentialAction\":[{\"@type\":\"SearchAction\",\"target\":{\"@type\":\"EntryPoint\",\"urlTemplate\":\"https:\\\/\\\/www.casavivagarda.com\\\/de\\\/?s={search_term_string}\"},\"query-input\":{\"@type\":\"PropertyValueSpecification\",\"valueRequired\":true,\"valueName\":\"search_term_string\"}}],\"inLanguage\":\"de\"},{\"@type\":\"Person\",\"@id\":\"https:\\\/\\\/www.casavivagarda.com\\\/de\\\/#\\\/schema\\\/person\\\/54259365d58048a796db93322b2966ed\",\"name\":\"Angela Trawoeger\",\"image\":{\"@type\":\"ImageObject\",\"inLanguage\":\"de\",\"@id\":\"https:\\\/\\\/secure.gravatar.com\\\/avatar\\\/0384b4256864b61258b11e3678662a83ad4f4d3b135d8e537aa7d3caf5b84f02?s=96&d=mm&r=g\",\"url\":\"https:\\\/\\\/secure.gravatar.com\\\/avatar\\\/0384b4256864b61258b11e3678662a83ad4f4d3b135d8e537aa7d3caf5b84f02?s=96&d=mm&r=g\",\"contentUrl\":\"https:\\\/\\\/secure.gravatar.com\\\/avatar\\\/0384b4256864b61258b11e3678662a83ad4f4d3b135d8e537aa7d3caf5b84f02?s=96&d=mm&r=g\",\"caption\":\"Angela Trawoeger\"}}]}<\/script>\n<!-- \/ Yoast SEO plugin. -->","yoast_head_json":{"title":"Reiten am Gardasee: die Reitschule Corti Gardesane des Casa Viva","description":"Nimm teil am Reitunterricht in der Reitschule Corti Gardesane im Casa Viva am Gardasee und entdecke die Vorteile des Reitens.","robots":{"index":"index","follow":"follow","max-snippet":"max-snippet:-1","max-image-preview":"max-image-preview:large","max-video-preview":"max-video-preview:-1"},"canonical":"https:\/\/www.casavivagarda.com\/de\/reiten-gardasee-reitschule-corti-gardesane\/","og_locale":"de_DE","og_type":"article","og_title":"Reiten am Gardasee: die Reitschule Corti Gardesane des Casa Viva","og_description":"Nimm teil am Reitunterricht in der Reitschule Corti Gardesane im Casa Viva am Gardasee und entdecke die Vorteile des Reitens.","og_url":"https:\/\/www.casavivagarda.com\/de\/reiten-gardasee-reitschule-corti-gardesane\/","og_site_name":"Casa Viva","article_published_time":"2022-11-09T11:51:22+00:00","article_modified_time":"2022-11-09T17:59:08+00:00","og_image":[{"width":2000,"height":1333,"url":"https:\/\/www.casavivagarda.com\/wp-content\/uploads\/2022\/11\/Casa-Viva-bambini-a-cavallo.jpg","type":"image\/jpeg"}],"author":"Angela Trawoeger","twitter_card":"summary_large_image","twitter_misc":{"Verfasst von":"Angela Trawoeger","Gesch\u00e4tzte Lesezeit":"3\u00a0Minuten"},"schema":{"@context":"https:\/\/schema.org","@graph":[{"@type":"Article","@id":"https:\/\/www.casavivagarda.com\/de\/reiten-gardasee-reitschule-corti-gardesane\/#article","isPartOf":{"@id":"https:\/\/www.casavivagarda.com\/de\/reiten-gardasee-reitschule-corti-gardesane\/"},"author":{"name":"Angela Trawoeger","@id":"https:\/\/www.casavivagarda.com\/de\/#\/schema\/person\/54259365d58048a796db93322b2966ed"},"headline":"Reiten am Gardasee","datePublished":"2022-11-09T11:51:22+00:00","dateModified":"2022-11-09T17:59:08+00:00","mainEntityOfPage":{"@id":"https:\/\/www.casavivagarda.com\/de\/reiten-gardasee-reitschule-corti-gardesane\/"},"wordCount":499,"image":{"@id":"https:\/\/www.casavivagarda.com\/de\/reiten-gardasee-reitschule-corti-gardesane\/#primaryimage"},"thumbnailUrl":"https:\/\/www.casavivagarda.com\/wp-content\/uploads\/2022\/11\/Casa-Viva-bambini-a-cavallo.jpg","articleSection":["Unkategorisiert"],"inLanguage":"de"},{"@type":"WebPage","@id":"https:\/\/www.casavivagarda.com\/de\/reiten-gardasee-reitschule-corti-gardesane\/","url":"https:\/\/www.casavivagarda.com\/de\/reiten-gardasee-reitschule-corti-gardesane\/","name":"Reiten am Gardasee: die Reitschule Corti Gardesane des Casa Viva","isPartOf":{"@id":"https:\/\/www.casavivagarda.com\/de\/#website"},"primaryImageOfPage":{"@id":"https:\/\/www.casavivagarda.com\/de\/reiten-gardasee-reitschule-corti-gardesane\/#primaryimage"},"image":{"@id":"https:\/\/www.casavivagarda.com\/de\/reiten-gardasee-reitschule-corti-gardesane\/#primaryimage"},"thumbnailUrl":"https:\/\/www.casavivagarda.com\/wp-content\/uploads\/2022\/11\/Casa-Viva-bambini-a-cavallo.jpg","datePublished":"2022-11-09T11:51:22+00:00","dateModified":"2022-11-09T17:59:08+00:00","author":{"@id":"https:\/\/www.casavivagarda.com\/de\/#\/schema\/person\/54259365d58048a796db93322b2966ed"},"description":"Nimm teil am Reitunterricht in der Reitschule Corti Gardesane im Casa Viva am Gardasee und entdecke die Vorteile des Reitens.","breadcrumb":{"@id":"https:\/\/www.casavivagarda.com\/de\/reiten-gardasee-reitschule-corti-gardesane\/#breadcrumb"},"inLanguage":"de","potentialAction":[{"@type":"ReadAction","target":["https:\/\/www.casavivagarda.com\/de\/reiten-gardasee-reitschule-corti-gardesane\/"]}]},{"@type":"ImageObject","inLanguage":"de","@id":"https:\/\/www.casavivagarda.com\/de\/reiten-gardasee-reitschule-corti-gardesane\/#primaryimage","url":"https:\/\/www.casavivagarda.com\/wp-content\/uploads\/2022\/11\/Casa-Viva-bambini-a-cavallo.jpg","contentUrl":"https:\/\/www.casavivagarda.com\/wp-content\/uploads\/2022\/11\/Casa-Viva-bambini-a-cavallo.jpg","width":2000,"height":1333,"caption":"bambine a cavallo nel prato"},{"@type":"BreadcrumbList","@id":"https:\/\/www.casavivagarda.com\/de\/reiten-gardasee-reitschule-corti-gardesane\/#breadcrumb","itemListElement":[{"@type":"ListItem","position":1,"name":"Home","item":"https:\/\/www.casavivagarda.com\/de\/"},{"@type":"ListItem","position":2,"name":"\u00f6ko-geschichten","item":"https:\/\/www.casavivagarda.com\/de\/oko-geschichten\/"},{"@type":"ListItem","position":3,"name":"Reiten am Gardasee"}]},{"@type":"WebSite","@id":"https:\/\/www.casavivagarda.com\/de\/#website","url":"https:\/\/www.casavivagarda.com\/de\/","name":"Casa Viva","description":"eco sleep \u2022 bio pool","potentialAction":[{"@type":"SearchAction","target":{"@type":"EntryPoint","urlTemplate":"https:\/\/www.casavivagarda.com\/de\/?s={search_term_string}"},"query-input":{"@type":"PropertyValueSpecification","valueRequired":true,"valueName":"search_term_string"}}],"inLanguage":"de"},{"@type":"Person","@id":"https:\/\/www.casavivagarda.com\/de\/#\/schema\/person\/54259365d58048a796db93322b2966ed","name":"Angela Trawoeger","image":{"@type":"ImageObject","inLanguage":"de","@id":"https:\/\/secure.gravatar.com\/avatar\/0384b4256864b61258b11e3678662a83ad4f4d3b135d8e537aa7d3caf5b84f02?s=96&d=mm&r=g","url":"https:\/\/secure.gravatar.com\/avatar\/0384b4256864b61258b11e3678662a83ad4f4d3b135d8e537aa7d3caf5b84f02?s=96&d=mm&r=g","contentUrl":"https:\/\/secure.gravatar.com\/avatar\/0384b4256864b61258b11e3678662a83ad4f4d3b135d8e537aa7d3caf5b84f02?s=96&d=mm&r=g","caption":"Angela Trawoeger"}}]}},"_links":{"self":[{"href":"https:\/\/www.casavivagarda.com\/de\/wp-json\/wp\/v2\/posts\/4131","targetHints":{"allow":["GET"]}}],"collection":[{"href":"https:\/\/www.casavivagarda.com\/de\/wp-json\/wp\/v2\/posts"}],"about":[{"href":"https:\/\/www.casavivagarda.com\/de\/wp-json\/wp\/v2\/types\/post"}],"author":[{"embeddable":true,"href":"https:\/\/www.casavivagarda.com\/de\/wp-json\/wp\/v2\/users\/2"}],"replies":[{"embeddable":true,"href":"https:\/\/www.casavivagarda.com\/de\/wp-json\/wp\/v2\/comments?post=4131"}],"version-history":[{"count":3,"href":"https:\/\/www.casavivagarda.com\/de\/wp-json\/wp\/v2\/posts\/4131\/revisions"}],"predecessor-version":[{"id":4143,"href":"https:\/\/www.casavivagarda.com\/de\/wp-json\/wp\/v2\/posts\/4131\/revisions\/4143"}],"wp:featuredmedia":[{"embeddable":true,"href":"https:\/\/www.casavivagarda.com\/de\/wp-json\/wp\/v2\/media\/4102"}],"wp:attachment":[{"href":"https:\/\/www.casavivagarda.com\/de\/wp-json\/wp\/v2\/media?parent=4131"}],"wp:term":[{"taxonomy":"category","embeddable":true,"href":"https:\/\/www.casavivagarda.com\/de\/wp-json\/wp\/v2\/categories?post=4131"},{"taxonomy":"post_tag","embeddable":true,"href":"https:\/\/www.casavivagarda.com\/de\/wp-json\/wp\/v2\/tags?post=4131"}],"curies":[{"name":"wp","href":"https:\/\/api.w.org\/{rel}","templated":true}]}}